{"id":5285,"date":"2025-03-04T17:43:23","date_gmt":"2025-03-04T16:43:23","guid":{"rendered":"https:\/\/alfisti.rs\/le-auto-piu-controverse-di-alfa-romeo-le-ami-o-le-odi\/"},"modified":"2025-03-04T18:36:25","modified_gmt":"2025-03-04T17:36:25","slug":"le-auto-piu-controverse-di-alfa-romeo-le-ami-o-le-odi","status":"publish","type":"post","link":"https:\/\/alfisti.rs\/it\/le-auto-piu-controverse-di-alfa-romeo-le-ami-o-le-odi\/","title":{"rendered":"Le auto pi\u00f9 controverse di Alfa Romeo: Le ami o le odi?"},"content":{"rendered":"\n<h3 class=\"wp-block-heading\"><strong>Introduzione: L&#8217;arte della provocazione automobilistica<\/strong><\/h3>\n\n<p>Alfa Romeo \u00e8 da tempo sinonimo di passione, prestazioni e <em>la meccanica delle emozioni<\/em>. Eppure, per ogni classico senza tempo come la Giulia GT o la 8C Competizione, c&#8217;\u00e8 un design che scatena accesi dibattiti. Dall&#8217;aggressivit\u00e0 spigolosa della SZ degli anni &#8217;90 al moderno SUV Tonale, le creazioni pi\u00f9 audaci dell&#8217;Alfa sfidano le convenzioni e spesso la pazienza dei suoi fan. Perch\u00e9 queste auto provocano reazioni cos\u00ec forti? E cosa rivelano dell&#8217;identit\u00e0 del marchio?    <\/p>\n\n<p>In questo approfondimento analizzeremo tre dei modelli pi\u00f9 controversi <a href=\"https:\/\/alfisti.rs\/it\/alfisti-la-tua-destinazione-per-lispirazione-alfa-romeo-e-altro\/\">dell&#8217;Alfa Romeo<\/a>: la <strong>SZ<\/strong>, la <strong>Brera<\/strong> e il <strong>Tonale<\/strong>. Esploreremo le loro filosofie di design, le reazioni (e le lodi) che hanno ricevuto e il loro impatto duraturo sulla cultura automobilistica. Allacciate le cinture: sar\u00e0 un viaggio ricco di polemiche.  <\/p>\n\n<hr class=\"wp-block-separator has-alpha-channel-opacity is-style-dots\"\/>\n\n<h3 class=\"wp-block-heading\"><strong>1. Alfa Romeo SZ (1989-1991): Il mostro che ha diviso il mondo<\/strong><\/h3>\n\n<figure class=\"wp-block-image size-large\"><img fetchpriority=\"high\" decoding=\"async\" width=\"1024\" height=\"768\" src=\"https:\/\/alfisti.rs\/wp-content\/uploads\/2025\/02\/1_5SWEldkxYWfzbYZ5iMBFMA-1024x768.jpg\" alt=\"- Alfisti Shop\" class=\"wp-image-5275\" title=\"\" srcset=\"https:\/\/alfisti.rs\/wp-content\/uploads\/2025\/02\/1_5SWEldkxYWfzbYZ5iMBFMA-1024x768.jpg 1024w, https:\/\/alfisti.rs\/wp-content\/uploads\/2025\/02\/1_5SWEldkxYWfzbYZ5iMBFMA-600x450.jpg 600w, https:\/\/alfisti.rs\/wp-content\/uploads\/2025\/02\/1_5SWEldkxYWfzbYZ5iMBFMA-300x225.jpg 300w, https:\/\/alfisti.rs\/wp-content\/uploads\/2025\/02\/1_5SWEldkxYWfzbYZ5iMBFMA-768x576.jpg 768w, https:\/\/alfisti.rs\/wp-content\/uploads\/2025\/02\/1_5SWEldkxYWfzbYZ5iMBFMA.jpg 1080w\" sizes=\"(max-width: 1024px) 100vw, 1024px\" \/><\/figure>\n\n<h4 class=\"wp-block-heading\"><strong>Design: Un&#8217;onda d&#8217;urto a forma di cuneo<\/strong><\/h4>\n\n<p>Con il nome in codice <em>ES-30<\/em> e soprannominata <em>Il Mostro<\/em>, la SZ (Sprint Zagato) fu una collaborazione tra il team sperimentale <a href=\"https:\/\/alfisti.rs\/it\/lo-stile-di-vita-di-alfista-abbracciare-il-legato-e-la-passione-di-alfa-romeo\/\">di Alfa Romeo<\/a> e Zagato. Il suo design si discostava radicalmente dalla tradizione curvilinea dell&#8217;Alfa: un cuneo affilato e tronco con fari a scomparsa, una coda tronca alla Kamm e una vernice rosso fuoco. <\/p>\n\n<ul class=\"wp-block-list\">\n<li><strong>Visione dei designer:<\/strong> Robert Opron (famoso per la Citro\u00ebn SM) e Antonio Castellana hanno puntato sulla &#8220;funzione pi\u00f9 che sulla forma&#8221;, dando priorit\u00e0 all&#8217;aerodinamica. Il risultato? Un coefficiente di resistenza aerodinamica di appena 0,30.  <\/li>\n\n\n\n<li><strong>Polemiche:<\/strong> I critici lo hanno definito &#8220;brutto&#8221;, &#8220;brutalista&#8221; e &#8220;poco italiano&#8221;. I fan hanno lodato la sua impavida modernit\u00e0. <\/li>\n<\/ul>\n\n<h4 class=\"wp-block-heading\"><strong>Performance: La sostanza dietro lo stile<\/strong><\/h4>\n\n<p>Sotto il suo involucro polarizzante, la SZ montava un motore V6 da 3.0L (207 CV), la trazione posteriore e un tempo da 0 a 100 km\/h di 6,9 secondi. Costruita per le corse, domin\u00f2 la 24 Ore di Spa del 1991. <\/p>\n\n<h4 class=\"wp-block-heading\"><strong>Legacy: Classico di culto o esperimento fallito?<\/strong><\/h4>\n\n<p>La SZ \u00e8 stata prodotta in soli 1.036 esemplari, ma oggi \u00e8 un oggetto da collezione. &#8220;\u00c8 una capsula del tempo dell&#8217;audacia degli anni &#8217;80&#8221;, afferma lo storico dell&#8217;automobile Lorenzo Ardizio. &#8220;O la capisci, o non la capisci&#8221;.  <\/p>\n\n<p><strong>Opinione dei fan:<\/strong> <em>&#8220;La SZ \u00e8 la fase punk dell&#8217;Alfa: rude, ribelle e non omologata&#8221;.<\/em> &#8211; @AlfistiForum<\/p>\n\n<hr class=\"wp-block-separator has-alpha-channel-opacity is-style-dots\"\/>\n\n<h3 class=\"wp-block-heading\"><strong>2. Alfa Romeo Brera (2005-2010): Bellezza senza mordente?<\/strong><\/h3>\n\n<figure class=\"wp-block-image size-large\"><img decoding=\"async\" width=\"1080\" height=\"608\" src=\"https:\/\/alfisti.rs\/wp-content\/uploads\/2025\/03\/Alfa_Romeo-Brera-2005-1280-7c341c811b0bc486b8094b2e80ee3b0bbb-edited.jpg\" alt=\"- Alfisti Shop\" class=\"wp-image-5279\" title=\"\" srcset=\"https:\/\/alfisti.rs\/wp-content\/uploads\/2025\/03\/Alfa_Romeo-Brera-2005-1280-7c341c811b0bc486b8094b2e80ee3b0bbb-edited.jpg 1080w, https:\/\/alfisti.rs\/wp-content\/uploads\/2025\/03\/Alfa_Romeo-Brera-2005-1280-7c341c811b0bc486b8094b2e80ee3b0bbb-edited-600x338.jpg 600w, https:\/\/alfisti.rs\/wp-content\/uploads\/2025\/03\/Alfa_Romeo-Brera-2005-1280-7c341c811b0bc486b8094b2e80ee3b0bbb-edited-300x169.jpg 300w, https:\/\/alfisti.rs\/wp-content\/uploads\/2025\/03\/Alfa_Romeo-Brera-2005-1280-7c341c811b0bc486b8094b2e80ee3b0bbb-edited-1024x576.jpg 1024w, https:\/\/alfisti.rs\/wp-content\/uploads\/2025\/03\/Alfa_Romeo-Brera-2005-1280-7c341c811b0bc486b8094b2e80ee3b0bbb-edited-768x432.jpg 768w\" sizes=\"(max-width: 1080px) 100vw, 1080px\" \/><\/figure>\n\n<h4 class=\"wp-block-heading\"><strong>Concetto vs. realt\u00e0: Un sogno diluito<\/strong><\/h4>\n\n<p>La Brera nasce come concept del 2002 di Giorgetto Giugiaro, caratterizzato da un profilo da coup\u00e9 ribassato e da interni minimalisti. Ma il modello di serie, scritto dal figlio di Giugiaro, Fabrizio, dovette affrontare dei compromessi: <\/p>\n\n<ul class=\"wp-block-list\">\n<li><strong>Problemi di piattaforma:<\/strong> Costruita sulla piattaforma Fiat Premium di GM, le proporzioni della Brera sono state criticate come &#8220;ingombranti&#8221; rispetto al concept.<\/li>\n\n\n\n<li><strong>Problemi con il motore:<\/strong> I modelli base utilizzavano un motore JTS da 2.2L, molto lento e lontano dall&#8217;eredit\u00e0 sportiva di Alfa.<\/li>\n<\/ul>\n\n<h4 class=\"wp-block-heading\"><strong>Elogio del design e critiche alla meccanica<\/strong><\/h4>\n\n<p>Nonostante i suoi difetti, il design della Brera ha ottenuto riconoscimenti. Jeremy Clarkson la defin\u00ec <em>&#8220;l&#8217;auto pi\u00f9 bella mai realizzata&#8221;.<\/em> Le sue linee slanciate, le portiere smerlate e i fanali posteriori a LED rimangono iconici. <\/p>\n\n<h4 class=\"wp-block-heading\"><strong>Rivalutazione moderna: Una gemma sottovalutata?<\/strong><\/h4>\n\n<p>Oggi le Brera usate sono dei classici a prezzi accessibili. Gli appassionati sostengono che con il motore giusto (il V6 Q4 da 3,2L) \u00e8 una GT degna di nota. &#8220;La Brera \u00e8 imperfetta ma affascinante&#8221;, afferma il designer Frank Stephenson. &#8220;Ci ricorda che la bellezza da sola non pu\u00f2 salvare un&#8217;auto&#8221;.   <\/p>\n\n<p><strong>Opinione dei fan:<\/strong> <em>&#8220;Ho comprato una Brera per l&#8217;estetica. L&#8217;ho tenuta per l&#8217;anima&#8221;.<\/em> &#8211; Utente Reddit u\/AlfaLover89<\/p>\n\n<hr class=\"wp-block-separator has-alpha-channel-opacity is-style-dots\"\/>\n\n<h3 class=\"wp-block-heading\"><strong>3. Alfa Romeo Tonale (2022-oggi): Tradimento o evoluzione?<\/strong><\/h3>\n\n<figure class=\"wp-block-image size-large\"><img decoding=\"async\" width=\"1024\" height=\"577\" src=\"https:\/\/alfisti.rs\/wp-content\/uploads\/2025\/03\/2025-alfa-romeo-tonale-euro-111-676084b232f46-1024x577.jpg\" alt=\"- Alfisti Shop\" class=\"wp-image-5281\" title=\"\" srcset=\"https:\/\/alfisti.rs\/wp-content\/uploads\/2025\/03\/2025-alfa-romeo-tonale-euro-111-676084b232f46-1024x577.jpg 1024w, https:\/\/alfisti.rs\/wp-content\/uploads\/2025\/03\/2025-alfa-romeo-tonale-euro-111-676084b232f46-600x338.jpg 600w, https:\/\/alfisti.rs\/wp-content\/uploads\/2025\/03\/2025-alfa-romeo-tonale-euro-111-676084b232f46-300x169.jpg 300w, https:\/\/alfisti.rs\/wp-content\/uploads\/2025\/03\/2025-alfa-romeo-tonale-euro-111-676084b232f46-768x432.jpg 768w, https:\/\/alfisti.rs\/wp-content\/uploads\/2025\/03\/2025-alfa-romeo-tonale-euro-111-676084b232f46-1536x865.jpg 1536w, https:\/\/alfisti.rs\/wp-content\/uploads\/2025\/03\/2025-alfa-romeo-tonale-euro-111-676084b232f46.jpg 1080w\" sizes=\"(max-width: 1024px) 100vw, 1024px\" \/><\/figure>\n\n<p><em><a href=\"https:\/\/alfisti.rs\/it\/alfa-romeo-lepitome-delleleganza-e-delle-prestazioni\/\">Alfa Romeo<\/a> auto controverse<\/em><\/p>\n\n<h4 class=\"wp-block-heading\"><strong>Il dilemma dei SUV: svendersi o rimanere rilevanti?<\/strong><\/h4>\n\n<p>Il Tonale, il primo SUV compatto di Alfa, ha scatenato l&#8217;indignazione dei puristi. &#8220;Un SUV Alfa? \u00c8 come se la Ferrari facesse un minivan!&#8221;, ha commentato un utente del forum. Eppure, in un mercato dominato dai SUV, il Tonale potrebbe essere l&#8217;ancora di salvezza del marchio.  <\/p>\n\n<ul class=\"wp-block-list\">\n<li><strong>Elementi di design:<\/strong> La griglia &#8220;Scudetto&#8221; e i fari a LED &#8220;3+3&#8221; richiamano l&#8217;eredit\u00e0, ma i critici la definiscono &#8220;morbida&#8221; rispetto alla Stelvio.<\/li>\n\n\n\n<li><strong>Tech Shift:<\/strong> Un propulsore ibrido plug-in segna il futuro elettrificato di Alfa.<\/li>\n<\/ul>\n\n<h4 class=\"wp-block-heading\"><strong>Accoglienza del mercato: Un nuovo pubblico?<\/strong><\/h4>\n\n<p>Le prime recensioni ne lodano la maneggevolezza e gli interni di qualit\u00e0. Le vendite sono ottime in Europa, a dimostrazione che i SUV possono coesistere con le auto sportive nella gamma Alfa. <\/p>\n\n<p><strong>Designer Insight:<\/strong> <em>&#8220;Il Tonale \u00e8 un ponte tra tradizione e innovazione. Non si tratta di abbandonare le nostre radici, ma di farle crescere&#8221;.<\/em> &#8211; Alejandro Mesonero-Romanos, capo <a href=\"https:\/\/alfisti.rs\/it\/leredita-del-design-alfa-romeo-unimmersione-profonda-nei-capolavori-di-pininfarina\/\">del design Alfa Romeo<\/a> <\/p>\n\n<hr class=\"wp-block-separator has-alpha-channel-opacity is-style-dots\"\/>\n\n<h3 class=\"wp-block-heading\"><strong>4. L&#8217;eredit\u00e0 della controversia: Designer e fan<\/strong><\/h3>\n\n<h4 class=\"wp-block-heading\"><strong>La difesa dei designer: Il rischio come pilastro del marchio<\/strong><\/h4>\n\n<ul class=\"wp-block-list\">\n<li><strong>Robert Opron (SZ):<\/strong> &#8220;Il vero design provoca. Se piace a tutti, hai fallito&#8221;.<\/li>\n\n\n\n<li><strong>Frank Stephenson:<\/strong> &#8220;Le Alfa non sono elettrodomestici. Sono arte. Sfide d&#8217;arte&#8221;.<\/li>\n<\/ul>\n\n<h4 class=\"wp-block-heading\"><strong>Furia dei fan: quando l&#8217;audacia diventa blasfemia?<\/strong><\/h4>\n\n<p>I puristi sostengono che modelli come il Tonale diluiscano il DNA da corsa dell&#8217;Alfa. Tuttavia, gli acquirenti pi\u00f9 giovani applaudono l&#8217;adattabilit\u00e0 del marchio. <\/p>\n\n<h4 class=\"wp-block-heading\"><strong>Il verdetto: La polemica come catalizzatore<\/strong><\/h4>\n\n<p>Che le si ami o le si odi, queste auto fanno s\u00ec che l <a href=\"https:\/\/alfisti.rs\/it\/la-storia-dellalfa-romeo-approfondisci-laffascinante-percorso-dellalfa-romeo-dalle-sue-umili-origini-al-suo-status-di-leggendaria-icona-automobilistica\/\">&#8216;Alfa Romeo<\/a> continui a far parlare di s\u00e9. Mentre le tendenze dei veicoli elettrici e dei SUV rimodellano l&#8217;industria, la volont\u00e0 di Alfa di polarizzarsi potrebbe essere il suo pi\u00f9 grande punto di forza. <\/p>\n\n<hr class=\"wp-block-separator has-alpha-channel-opacity is-style-dots\"\/>\n\n<h3 class=\"wp-block-heading\"><strong>Conclusione: La necessit\u00e0 di un nervo scoperto<\/strong><\/h3>\n\n<p>Le auto pi\u00f9 controverse <a href=\"https:\/\/alfisti.rs\/it\/incontri-con-gli-alfisti-interviste-con-appassionati-di-alfa-romeo\/\">dell&#8217;Alfa Romeo<\/a> sono una testimonianza della sua audacia. In un mondo di design sicuri e senz&#8217;anima, la SZ, la Brera e il Tonale osano provocare, assicurando che l&#8217;Alfa rimane <em>pi\u00f9 di un semplice marchio automobilistico<\/em>. Mentre il settore si evolve, una cosa \u00e8 chiara: senza rischio, non c&#8217;\u00e8 ricompensa.  <\/p>\n\n<p><strong>Pensiero finale:<\/strong> <em>La prossima controversa Alfa sar\u00e0 un capolavoro o un fallimento? In ogni caso, ne parleremo. <\/em><\/p>\n","protected":false},"excerpt":{"rendered":"<p>Esplora i modelli pi\u00f9 controversi dell&#8217;Alfa Romeo, come la SZ, la Brera e il Tonale. Immergiti nei dibattiti sulla loro eredit\u00e0, sulle intuizioni dei designer e sulle reazioni dei fan. Scopri perch\u00e9 queste auto dividono le opinioni di tutto il mondo.  <\/p>\n","protected":false},"author":1,"featured_media":5276,"comment_status":"open","ping_status":"open","sticky":false,"template":"","format":"standard","meta":{"footnotes":""},"categories":[134],"tags":[143,144,145,292],"class_list":["post-5285","post","type-post","status-publish","format-standard","has-post-thumbnail","hentry","category-blog-it","tag-alfa-romeo-it","tag-alfista-it","tag-alfisti-it","tag-controverso"],"_links":{"self":[{"href":"https:\/\/alfisti.rs\/it\/wp-json\/wp\/v2\/posts\/5285","targetHints":{"allow":["GET"]}}],"collection":[{"href":"https:\/\/alfisti.rs\/it\/wp-json\/wp\/v2\/posts"}],"about":[{"href":"https:\/\/alfisti.rs\/it\/wp-json\/wp\/v2\/types\/post"}],"author":[{"embeddable":true,"href":"https:\/\/alfisti.rs\/it\/wp-json\/wp\/v2\/users\/1"}],"replies":[{"embeddable":true,"href":"https:\/\/alfisti.rs\/it\/wp-json\/wp\/v2\/comments?post=5285"}],"version-history":[{"count":0,"href":"https:\/\/alfisti.rs\/it\/wp-json\/wp\/v2\/posts\/5285\/revisions"}],"wp:featuredmedia":[{"embeddable":true,"href":"https:\/\/alfisti.rs\/it\/wp-json\/wp\/v2\/media\/5276"}],"wp:attachment":[{"href":"https:\/\/alfisti.rs\/it\/wp-json\/wp\/v2\/media?parent=5285"}],"wp:term":[{"taxonomy":"category","embeddable":true,"href":"https:\/\/alfisti.rs\/it\/wp-json\/wp\/v2\/categories?post=5285"},{"taxonomy":"post_tag","embeddable":true,"href":"https:\/\/alfisti.rs\/it\/wp-json\/wp\/v2\/tags?post=5285"}],"curies":[{"name":"wp","href":"https:\/\/api.w.org\/{rel}","templated":true}]}}